{"id":375,"date":"2023-06-05T11:42:58","date_gmt":"2023-06-05T09:42:58","guid":{"rendered":"https:\/\/amshc.gov.al\/kkshc\/?p=375"},"modified":"2023-06-14T11:23:10","modified_gmt":"2023-06-14T09:23:10","slug":"njoftim-mbi-mbledhjen-e-keshillit-kombetar-te-shoqerise-civile","status":"publish","type":"post","link":"https:\/\/amshc.gov.al\/kkshc\/?p=375","title":{"rendered":"Njoftim mbi Mbledhjen e K\u00ebshillit Komb\u00ebtar t\u00eb Shoq\u00ebris\u00eb Civile"},"content":{"rendered":"\n<p><strong>Njoftim mbi Mbledhjen e K\u00ebshillit Komb\u00ebtar t\u00eb Shoq\u00ebris\u00eb Civile<\/strong><\/p>\n\n\n\n<p class=\"has-text-align-left\">Agjencia p\u00ebr Mb\u00ebshtetjen e Shoq\u00ebris\u00eb Civile (AMShC) n\u00eb rolin e Sektretariatit Teknik t\u00eb K\u00ebshillit Komb\u00ebtar p\u00ebr Shoq\u00ebrin\u00eb Civile (KKShC)\u00a0 organizon mbajtjen e mbledhjes s\u00eb K\u00ebshillit Komb\u00ebtar p\u00ebr Shoq\u00ebrin\u00eb Civile (KKShC-s\u00eb), dit\u00ebn e <strong>H\u00ebn\u00eb, dat\u00eb 19.06.2023, ora 13:30 n\u00eb ambjentet e Kryeministris\u00eb Salla Ovale Kati i III.<\/strong><\/p>\n\n\n\n<p>Jan\u00eb t\u00eb ftuar t\u00eb gjith\u00eb pal\u00ebt e interesuara p\u00ebr pjes\u00ebmarrje.<\/p>\n\n\n\n<p>Ju lutem d\u00ebrgoni konfirmimin p\u00ebr pjes\u00ebmarrje br\u00ebnda dat\u00ebs 16.06.2023 ora 12:00, n\u00eb adres\u00ebn e emailit kkshc@amshc.gov.al<\/p>\n\n\n\n<div class=\"wp-block-group\"><div class=\"wp-block-group__inner-container\">\n<figure class=\"wp-block-gallery columns-0 is-cropped\"><ul class=\"blocks-gallery-grid\"><\/ul><\/figure>\n\n\n\n<div class=\"wp-block-file\"><a href=\"blob:https:\/\/amshc.gov.al\/094f376d-7d0b-41ba-bbb1-4052b77f23a8\">Agjenda KKSHC 19.06.2023<\/a><a href=\"blob:https:\/\/amshc.gov.al\/094f376d-7d0b-41ba-bbb1-4052b77f23a8\" class=\"wp-block-file__button\" download>Download<\/a><\/div>\n<\/div><\/div>\n","protected":false},"excerpt":{"rendered":"<p>Njoftim mbi Mbledhjen e K\u00ebshillit Komb\u00ebtar t\u00eb Shoq\u00ebris\u00eb Civile Agjencia p\u00ebr Mb\u00ebshtetjen e Shoq\u00ebris\u00eb Civile (AMShC) n\u00eb rolin e Sektretariatit Teknik t\u00eb K\u00ebshillit Komb\u00ebtar p\u00ebr Shoq\u00ebrin\u00eb Civile (KKShC)\u00a0 organizon mbajtjen e mbledhjes s\u00eb K\u00ebshillit Komb\u00ebtar p\u00ebr Shoq\u00ebrin\u00eb Civile (KKShC-s\u00eb), dit\u00ebn e H\u00ebn\u00eb, dat\u00eb 19.06.2023, ora 13:30 n\u00eb ambjentet e Kryeministris\u00eb Salla Ovale Kati i III. [&hellip;]<\/p>\n","protected":false},"author":3,"featured_media":231,"comment_status":"closed","ping_status":"closed","sticky":false,"template":"","format":"standard","meta":[],"categories":[18],"tags":[],"_links":{"self":[{"href":"https:\/\/amshc.gov.al\/kkshc\/index.php?rest_route=\/wp\/v2\/posts\/375"}],"collection":[{"href":"https:\/\/amshc.gov.al\/kkshc\/index.php?rest_route=\/wp\/v2\/posts"}],"about":[{"href":"https:\/\/amshc.gov.al\/kkshc\/index.php?rest_route=\/wp\/v2\/types\/post"}],"author":[{"embeddable":true,"href":"https:\/\/amshc.gov.al\/kkshc\/index.php?rest_route=\/wp\/v2\/users\/3"}],"replies":[{"embeddable":true,"href":"https:\/\/amshc.gov.al\/kkshc\/index.php?rest_route=%2Fwp%2Fv2%2Fcomments&post=375"}],"version-history":[{"count":9,"href":"https:\/\/amshc.gov.al\/kkshc\/index.php?rest_route=\/wp\/v2\/posts\/375\/revisions"}],"predecessor-version":[{"id":386,"href":"https:\/\/amshc.gov.al\/kkshc\/index.php?rest_route=\/wp\/v2\/posts\/375\/revisions\/386"}],"wp:featuredmedia":[{"embeddable":true,"href":"https:\/\/amshc.gov.al\/kkshc\/index.php?rest_route=\/wp\/v2\/media\/231"}],"wp:attachment":[{"href":"https:\/\/amshc.gov.al\/kkshc\/index.php?rest_route=%2Fwp%2Fv2%2Fmedia&parent=375"}],"wp:term":[{"taxonomy":"category","embeddable":true,"href":"https:\/\/amshc.gov.al\/kkshc\/index.php?rest_route=%2Fwp%2Fv2%2Fcategories&post=375"},{"taxonomy":"post_tag","embeddable":true,"href":"https:\/\/amshc.gov.al\/kkshc\/index.php?rest_route=%2Fwp%2Fv2%2Ftags&post=375"}],"curies":[{"name":"wp","href":"https:\/\/api.w.org\/{rel}","templated":true}]}}